{"id":757,"date":"2017-08-14T14:37:11","date_gmt":"2017-08-14T12:37:11","guid":{"rendered":"http:\/\/www.pfadfinderbadblankenburg.de\/wordpress\/?p=757"},"modified":"2017-08-14T15:35:00","modified_gmt":"2017-08-14T13:35:00","slug":"bundeslager-estonteco-2017","status":"publish","type":"post","link":"http:\/\/www.pfadfinderbadblankenburg.de\/wordpress\/2017\/08\/14\/bundeslager-estonteco-2017\/","title":{"rendered":"Bundeslager Estonteco 2017"},"content":{"rendered":"<p>Estonteco &#8211; Lebe den Kontinent!<\/p>\n<p>In was f\u00fcr einer Welt wollen wir in Zukunft leben? Wollen wir besitzen oder teilen? Wollen wir genie\u00dfen oder gestalten? Welche Identit\u00e4t wollen wir auf unserem Kontinent haben? Antworten auf diese und viele weitere Fragen gab es auf dem <a>BdP Bundeslager 2017<\/a> vom 25. Juli bis 5. August an der Mecklenburgischen Seenplatte. Eine bunte, lebendige, menschenw\u00fcrdige, internationale, wissenshungrige, optimistische, utopische, kreative, legend\u00e4re, spirituelle, lebenswerte, \u00f6kologische, vision\u00e4re Stadt entstand und wir, der BdP LV Th\u00fcringen, waren ein Teil davon.<\/p>\n<p><a href=\"http:\/\/www.pfadfinderbadblankenburg.de\/wordpress\/aktivitaeten\/bula-2017\/\">Hier ein paar Impressionen zum Bula 2017!<\/a><\/p>\n","protected":false},"excerpt":{"rendered":"<p>Estonteco &#8211; Lebe den Kontinent! In was f\u00fcr einer Welt wollen wir in Zukunft leben? Wollen wir besitzen oder teilen? Wollen wir genie\u00dfen oder gestalten? Welche Identit\u00e4t wollen wir auf unserem Kontinent haben? Antworten auf diese und viele weitere Fragen gab es auf dem BdP Bundeslager 2017 vom 25. Juli bis 5. August an der [&hellip;]<\/p>\n","protected":false},"author":1,"featured_media":763,"comment_status":"open","ping_status":"open","sticky":false,"template":"","format":"standard","meta":{"jetpack_post_was_ever_published":false,"_jetpack_newsletter_access":"","_jetpack_dont_email_post_to_subs":false,"_jetpack_newsletter_tier_id":0,"_jetpack_memberships_contains_paywalled_content":false,"_jetpack_memberships_contains_paid_content":false,"footnotes":"","jetpack_publicize_message":"","jetpack_publicize_feature_enabled":true,"jetpack_social_post_already_shared":true,"jetpack_social_options":{"image_generator_settings":{"template":"highway","default_image_id":0,"font":"","enabled":false},"version":2}},"categories":[1],"tags":[],"class_list":["post-757","post","type-post","status-publish","format-standard","has-post-thumbnail","hentry","category-allgemein"],"jetpack_publicize_connections":[],"jetpack_featured_media_url":"http:\/\/www.pfadfinderbadblankenburg.de\/wordpress\/wp-content\/uploads\/2017\/08\/IMG_20170801_211128.jpg","jetpack_shortlink":"https:\/\/wp.me\/p7nQUU-cd","jetpack_sharing_enabled":true,"_links":{"self":[{"href":"http:\/\/www.pfadfinderbadblankenburg.de\/wordpress\/wp-json\/wp\/v2\/posts\/757","targetHints":{"allow":["GET"]}}],"collection":[{"href":"http:\/\/www.pfadfinderbadblankenburg.de\/wordpress\/wp-json\/wp\/v2\/posts"}],"about":[{"href":"http:\/\/www.pfadfinderbadblankenburg.de\/wordpress\/wp-json\/wp\/v2\/types\/post"}],"author":[{"embeddable":true,"href":"http:\/\/www.pfadfinderbadblankenburg.de\/wordpress\/wp-json\/wp\/v2\/users\/1"}],"replies":[{"embeddable":true,"href":"http:\/\/www.pfadfinderbadblankenburg.de\/wordpress\/wp-json\/wp\/v2\/comments?post=757"}],"version-history":[{"count":10,"href":"http:\/\/www.pfadfinderbadblankenburg.de\/wordpress\/wp-json\/wp\/v2\/posts\/757\/revisions"}],"predecessor-version":[{"id":820,"href":"http:\/\/www.pfadfinderbadblankenburg.de\/wordpress\/wp-json\/wp\/v2\/posts\/757\/revisions\/820"}],"wp:featuredmedia":[{"embeddable":true,"href":"http:\/\/www.pfadfinderbadblankenburg.de\/wordpress\/wp-json\/wp\/v2\/media\/763"}],"wp:attachment":[{"href":"http:\/\/www.pfadfinderbadblankenburg.de\/wordpress\/wp-json\/wp\/v2\/media?parent=757"}],"wp:term":[{"taxonomy":"category","embeddable":true,"href":"http:\/\/www.pfadfinderbadblankenburg.de\/wordpress\/wp-json\/wp\/v2\/categories?post=757"},{"taxonomy":"post_tag","embeddable":true,"href":"http:\/\/www.pfadfinderbadblankenburg.de\/wordpress\/wp-json\/wp\/v2\/tags?post=757"}],"curies":[{"name":"wp","href":"https:\/\/api.w.org\/{rel}","templated":true}]}}